{"id":82925,"date":"2026-09-04T12:44:47","date_gmt":"2026-09-04T10:44:47","guid":{"rendered":"https:\/\/puente-colgante.com\/?p=82925"},"modified":"2026-09-04T12:44:54","modified_gmt":"2026-09-04T10:44:54","slug":"puente-bizkaia-20-anos-patrimonio-mundial","status":"publish","type":"post","link":"https:\/\/puente-colgante.com\/en\/puente-bizkaia-20-anos-patrimonio-mundial\/","title":{"rendered":"El Puente Bizkaia cumple 20 a\u00f1os como Patrimonio Mundial"},"content":{"rendered":"\t\t<div data-elementor-type=\"wp-post\" data-elementor-id=\"82925\" class=\"elementor elementor-82925\" data-elementor-post-type=\"post\">\n\t\t\t\t<div class=\"elementor-element elementor-element-b4ca876 e-flex e-con-boxed e-con e-parent\" data-id=\"b4ca876\" data-element_type=\"container\">\n\t\t\t\t\t<div class=\"e-con-inner\">\n\t\t\t\t<div class=\"elementor-element elementor-element-723d06c grve-elementor-align-left elementor-widget elementor-widget-impeka_title\" data-id=\"723d06c\" data-element_type=\"widget\" data-widget_type=\"impeka_title.default\">\n\t\t\t\t<div class=\"elementor-widget-container\">\n\t\t\t<h3 class=\"grve-element grve-title grve-h3\"><span><h2 style=\"text-align: center;\">El Puente Bizkaia cumple 20 a\u00f1os como Patrimonio Mundial<\/h2><\/span><\/h3>\t\t<\/div>\n\t\t\t\t<\/div>\n\t\t\t\t<div class=\"elementor-element elementor-element-abbcc0a elementor-widget elementor-widget-text-editor\" data-id=\"abbcc0a\" data-element_type=\"widget\" data-widget_type=\"text-editor.default\">\n\t\t\t\t<div class=\"elementor-widget-container\">\n\t\t\t\t\t\t\t<p data-path-to-node=\"3\"><b data-path-to-node=\"3\" data-index-in-node=\"0\">Dos d\u00e9cadas despu\u00e9s del reconocimiento de la Unesco, el transbordador centenario combina su valor hist\u00f3rico con retos de proyecci\u00f3n internacional<\/b><\/p><p data-path-to-node=\"4\">Han transcurrido dos d\u00e9cadas desde que la Unesco inscribi\u00f3 al Puente Bizkaia en el cat\u00e1logo de las grandes maravillas de la humanidad. Aquella decisi\u00f3n un\u00e1nime no solo premi\u00f3 una estructura colosal de hierro nacida en 1893, y concebida por Alberto de Palacio, sino que elev\u00f3 a la categor\u00eda de arte la ingenier\u00eda m\u00e1s audaz de la Revoluci\u00f3n Industrial. La propia organizaci\u00f3n internacional rend\u00eda tributo a una obra que supo entrelazar la belleza formal y la funcionalidad t\u00e9cnica, legando al mundo una soluci\u00f3n pionera que servir\u00eda de inspiraci\u00f3n en las d\u00e9cadas posteriores.<\/p><p data-path-to-node=\"5\">La clave de este reconocimiento residi\u00f3 en su funci\u00f3n social, su perfecto estado de conservaci\u00f3n y su car\u00e1cter \u00fanico: fue el primer puente transbordador de estructura met\u00e1lica del mundo, ideado para solucionar el paso de peatones y veh\u00edculos sin obstaculizar la crucial navegaci\u00f3n mar\u00edtima que vertebraba el desarrollo econ\u00f3mico del territorio.<\/p><p data-path-to-node=\"6\">Desde entonces, el gigante de hierro ha florecido como un icono tur\u00edstico y cultural de Portugalete y Getxo, proyectando una imagen de innovaci\u00f3n, historia e identidad en el exterior. Pero, adem\u00e1s de su extraordinario valor patrimonial, contin\u00faa desempe\u00f1ando el papel para el que fue concebido y es una infraestructura estrat\u00e9gica en la movilidad del Gran Bilbao. Cada a\u00f1o transporta a m\u00e1s de 500.000 veh\u00edculos y millones de personas, contribuyendo de forma decisiva a la conexi\u00f3n entre ambas m\u00e1rgenes de la r\u00eda y a aliviar el tr\u00e1fico, especialmente en las horas punta. Esta capacidad para prestar un servicio eficiente m\u00e1s de 130 a\u00f1os despu\u00e9s de su inauguraci\u00f3n lo convierte en un ejemplo excepcional de patrimonio vivo.<\/p><p data-path-to-node=\"7\"><b data-path-to-node=\"7\" data-index-in-node=\"0\">Obra hist\u00f3rica y viva<\/b> &#8220;La declaraci\u00f3n supuso poner en valor esta infraestructura y lograr que la ciudadan\u00eda del Pa\u00eds Vasco la vi\u00e9ramos con otros ojos. Lo primero que valor\u00f3 la Unesco, adem\u00e1s de considerarlo la m\u00e1xima expresi\u00f3n de belleza, creatividad y funcionalidad, fue que segu\u00eda siendo fiel a la funci\u00f3n para la cual fue concebido&#8221;, recuerda su directora gerente, Marta Uriarte.<\/p><p data-path-to-node=\"8\">Su m\u00e1xima responsable remarca que este logro responde al compromiso colectivo y a una labor ininterrumpida. &#8220;El puente ha sabido adaptarse a las costumbres de cada \u00e9poca y aplicar la tecnolog\u00eda disponible gracias a un equipo humano, desde mantenimiento hasta la direcci\u00f3n, que ha trabajado al un\u00edsono. Este reconocimiento es fruto del esfuerzo de la ciudadan\u00eda que lo ha mantenido vivo y de la inteligencia de todos los que han pasado por \u00e9l, desde los trabajadores hasta los socios que supieron situarlo en el lugar que merec\u00eda&#8221;.<\/p><p data-path-to-node=\"9\">De cara a los pr\u00f3ximos a\u00f1os, Uriarte augura un futuro prometedor, pero no exento de exigencias t\u00e9cnicas. &#8220;Hablamos de una filigrana, un puente delicado que ha sufrido mucho desgaste y que requiere un mimo constante. Al estar expuesto a la intemperie, libramos una lucha diaria contra las condiciones adversas: las altas temperaturas, los fuertes vientos, las tormentas y la corrosi\u00f3n del ambiente salino&#8221;. Por ello, subraya la necesidad de mantener un esfuerzo econ\u00f3mico y humano continuado. Asimismo, apunta a mantener su proyecci\u00f3n internacional a trav\u00e9s de la colaboraci\u00f3n con otras entidades y a la introducci\u00f3n de herramientas digitales para llegar a nuevos p\u00fablicos, como otros retos.<\/p><p data-path-to-node=\"12\"><b data-path-to-node=\"12\" data-index-in-node=\"0\">&gt; Puente Bizkaia<\/b> <b data-path-to-node=\"12\" data-index-in-node=\"17\">Jornada de celebraci\u00f3n<\/b><\/p><p data-path-to-node=\"13\">El Puente Bizkaia celebr\u00f3 el 20\u00ba aniversario de su declaraci\u00f3n como Patrimonio Mundial por la Unesco con una jornada festiva en las terrazas de sus dos m\u00e1rgenes, Portugalete y Getxo. El p\u00fablico asistente recibi\u00f3 un recuerdo conmemorativo y disfrut\u00f3 de un programa musical que incluy\u00f3 las actuaciones del tr\u00edo Latrup y el concierto de rock mel\u00f3dico de la banda Kotta como cierre. Uno de los hitos de la jornada fue la inauguraci\u00f3n de una exposici\u00f3n fotogr\u00e1fica y la posterior entrega de premios, una convocatoria que fue un rotundo \u00e9xito de participaci\u00f3n al reunir 261 obras presentadas por 94 autores, lo que supuso una laboriosa selecci\u00f3n para la fot\u00f3grafa Bego\u00f1a Zubero en calidad de jurado. En el palmar\u00e9s final, Aitor Joseba Idoyaga se alz\u00f3 con el primer premio en la categor\u00eda de fotograf\u00eda (inferior de p\u00e1gina), mientras que \u00c1lvaro Colodr\u00f3n obtuvo el m\u00e1ximo galard\u00f3n en la modalidad digital (imagen superior).<\/p>\t\t\t\t\t\t<\/div>\n\t\t\t\t<\/div>\n\t\t\t\t<div class=\"elementor-element elementor-element-2481120 elementor-widget elementor-widget-image\" data-id=\"2481120\" data-element_type=\"widget\" data-widget_type=\"image.default\">\n\t\t\t\t<div class=\"elementor-widget-container\">\n\t\t\t\t\t\t\t\t\t\t\t\t\t<img fetchpriority=\"high\" decoding=\"async\" width=\"300\" height=\"194\" src=\"https:\/\/puente-colgante.com\/wp-content\/uploads\/2026\/06\/Puente-20-anos-logo-300x194.png\" class=\"attachment-medium size-medium wp-image-76488\" alt=\"\" srcset=\"https:\/\/puente-colgante.com\/wp-content\/uploads\/2026\/06\/Puente-20-anos-logo-300x194.png 300w, https:\/\/puente-colgante.com\/wp-content\/uploads\/2026\/06\/Puente-20-anos-logo.png 397w\" sizes=\"(max-width: 300px) 100vw, 300px\" \/>\t\t\t\t\t\t\t\t\t\t\t\t\t<\/div>\n\t\t\t\t<\/div>\n\t\t\t\t<div class=\"elementor-element elementor-element-6217305 elementor-align-center elementor-widget elementor-widget-button\" data-id=\"6217305\" data-element_type=\"widget\" data-widget_type=\"button.default\">\n\t\t\t\t<div class=\"elementor-widget-container\">\n\t\t\t\t\t\t\t<div class=\"elementor-button-wrapper\">\n\t\t\t\t\t<a class=\"elementor-button elementor-button-link elementor-size-sm\" href=\"https:\/\/puente-colgante.com\/wp-content\/uploads\/2026\/06\/Bases-Concurso-Fotografia.docx-1.pdf\">\n\t\t\t\t\t\t<span class=\"elementor-button-content-wrapper\">\n\t\t\t\t\t\t\t\t\t<span class=\"elementor-button-text\">DESCARGAR BASES<\/span>\n\t\t\t\t\t<\/span>\n\t\t\t\t\t<\/a>\n\t\t\t\t<\/div>\n\t\t\t\t\t\t<\/div>\n\t\t\t\t<\/div>\n\t\t\t\t\t<\/div>\n\t\t\t\t<\/div>\n\t\t\t\t<\/div>\n\t\t","protected":false},"excerpt":{"rendered":"<p>El Puente Bizkaia cumple 20 a\u00f1os como Patrimonio Mundial Dos d\u00e9cadas despu\u00e9s del reconocimiento de la Unesco, el transbordador centenario combina su valor hist\u00f3rico con retos de proyecci\u00f3n internacional Han transcurrido dos d\u00e9cadas desde que la Unesco inscribi\u00f3 al Puente Bizkaia en el cat\u00e1logo de las grandes maravillas de la humanidad. Aquella decisi\u00f3n un\u00e1nime no [&hellip;]<\/p>\n","protected":false},"author":1,"featured_media":82934,"comment_status":"open","ping_status":"open","sticky":false,"template":"","format":"standard","meta":{"footnotes":""},"categories":[125],"tags":[],"class_list":["post-82925","post","type-post","status-publish","format-standard","has-post-thumbnail","hentry","category-noticias","grve-entry-item","grve-blog-item"],"acf":[],"yoast_head":"<!-- This site is optimized with the Yoast SEO plugin v20.11 - https:\/\/yoast.com\/wordpress\/plugins\/seo\/ -->\n<title>El Puente Bizkaia cumple 20 a\u00f1os como Patrimonio Mundial - Puente Colgante<\/title>\n<meta name=\"description\" content=\"El Puente Bizkaia cumple 20 a\u00f1os como Patrimonio Mundial Dos d\u00e9cadas despu\u00e9s del reconocimiento de la Unesco, el transbordador centenario combina su valor\" \/>\n<meta name=\"robots\" content=\"index, follow, max-snippet:-1, max-image-preview:large, max-video-preview:-1\" \/>\n<link rel=\"canonical\" href=\"https:\/\/puente-colgante.com\/puente-bizkaia-20-anos-patrimonio-mundial\/\" \/>\n<meta property=\"og:locale\" content=\"en_US\" \/>\n<meta property=\"og:type\" content=\"article\" \/>\n<meta property=\"og:title\" content=\"El Puente Bizkaia cumple 20 a\u00f1os como Patrimonio Mundial - Puente Colgante\" \/>\n<meta property=\"og:description\" content=\"El Puente Bizkaia cumple 20 a\u00f1os como Patrimonio Mundial Dos d\u00e9cadas despu\u00e9s del reconocimiento de la Unesco, el transbordador centenario combina su valor\" \/>\n<meta property=\"og:url\" content=\"https:\/\/puente-colgante.com\/puente-bizkaia-20-anos-patrimonio-mundial\/\" \/>\n<meta property=\"og:site_name\" content=\"Puente Colgante\" \/>\n<meta property=\"article:published_time\" content=\"2026-09-04T10:44:47+00:00\" \/>\n<meta property=\"article:modified_time\" content=\"2026-09-04T10:44:54+00:00\" \/>\n<meta property=\"og:image\" content=\"https:\/\/puente-colgante.com\/wp-content\/uploads\/2026\/09\/ESTRATEGIA_EMPRESARIAL_739-46_page-0001-748x1024.jpg\" \/>\n\t<meta property=\"og:image:width\" content=\"748\" \/>\n\t<meta property=\"og:image:height\" content=\"1024\" \/>\n\t<meta property=\"og:image:type\" content=\"image\/jpeg\" \/>\n<meta name=\"author\" content=\"admin\" \/>\n<meta name=\"twitter:card\" content=\"summary_large_image\" \/>\n<meta name=\"twitter:label1\" content=\"Written by\" \/>\n\t<meta name=\"twitter:data1\" content=\"admin\" \/>\n\t<meta name=\"twitter:label2\" content=\"Est. reading time\" \/>\n\t<meta name=\"twitter:data2\" content=\"4 minutes\" \/>\n<script type=\"application\/ld+json\" class=\"yoast-schema-graph\">{\"@context\":\"https:\/\/schema.org\",\"@graph\":[{\"@type\":\"Article\",\"@id\":\"https:\/\/puente-colgante.com\/puente-bizkaia-20-anos-patrimonio-mundial\/#article\",\"isPartOf\":{\"@id\":\"https:\/\/puente-colgante.com\/puente-bizkaia-20-anos-patrimonio-mundial\/\"},\"author\":{\"name\":\"admin\",\"@id\":\"https:\/\/puente-colgante.com\/#\/schema\/person\/1cb7a33dae376b9d2c073110e8ec4b9b\"},\"headline\":\"El Puente Bizkaia cumple 20 a\u00f1os como Patrimonio Mundial\",\"datePublished\":\"2026-09-04T10:44:47+00:00\",\"dateModified\":\"2026-09-04T10:44:54+00:00\",\"mainEntityOfPage\":{\"@id\":\"https:\/\/puente-colgante.com\/puente-bizkaia-20-anos-patrimonio-mundial\/\"},\"wordCount\":790,\"commentCount\":0,\"publisher\":{\"@id\":\"https:\/\/puente-colgante.com\/#organization\"},\"articleSection\":[\"Noticias\"],\"inLanguage\":\"en-US\",\"potentialAction\":[{\"@type\":\"CommentAction\",\"name\":\"Comment\",\"target\":[\"https:\/\/puente-colgante.com\/puente-bizkaia-20-anos-patrimonio-mundial\/#respond\"]}]},{\"@type\":\"WebPage\",\"@id\":\"https:\/\/puente-colgante.com\/puente-bizkaia-20-anos-patrimonio-mundial\/\",\"url\":\"https:\/\/puente-colgante.com\/puente-bizkaia-20-anos-patrimonio-mundial\/\",\"name\":\"El Puente Bizkaia cumple 20 a\u00f1os como Patrimonio Mundial - Puente Colgante\",\"isPartOf\":{\"@id\":\"https:\/\/puente-colgante.com\/#website\"},\"datePublished\":\"2026-09-04T10:44:47+00:00\",\"dateModified\":\"2026-09-04T10:44:54+00:00\",\"description\":\"El Puente Bizkaia cumple 20 a\u00f1os como Patrimonio Mundial Dos d\u00e9cadas despu\u00e9s del reconocimiento de la Unesco, el transbordador centenario combina su valor\",\"breadcrumb\":{\"@id\":\"https:\/\/puente-colgante.com\/puente-bizkaia-20-anos-patrimonio-mundial\/#breadcrumb\"},\"inLanguage\":\"en-US\",\"potentialAction\":[{\"@type\":\"ReadAction\",\"target\":[\"https:\/\/puente-colgante.com\/puente-bizkaia-20-anos-patrimonio-mundial\/\"]}]},{\"@type\":\"BreadcrumbList\",\"@id\":\"https:\/\/puente-colgante.com\/puente-bizkaia-20-anos-patrimonio-mundial\/#breadcrumb\",\"itemListElement\":[{\"@type\":\"ListItem\",\"position\":1,\"name\":\"Portada\",\"item\":\"https:\/\/puente-colgante.com\/en\/\"},{\"@type\":\"ListItem\",\"position\":2,\"name\":\"El Puente Bizkaia cumple 20 a\u00f1os como Patrimonio Mundial\"}]},{\"@type\":\"WebSite\",\"@id\":\"https:\/\/puente-colgante.com\/#website\",\"url\":\"https:\/\/puente-colgante.com\/\",\"name\":\"Puente Colgante\",\"description\":\"Web Oficial del Puente Colgante | Puente Bizkaia\",\"publisher\":{\"@id\":\"https:\/\/puente-colgante.com\/#organization\"},\"potentialAction\":[{\"@type\":\"SearchAction\",\"target\":{\"@type\":\"EntryPoint\",\"urlTemplate\":\"https:\/\/puente-colgante.com\/?s={search_term_string}\"},\"query-input\":\"required name=search_term_string\"}],\"inLanguage\":\"en-US\"},{\"@type\":\"Organization\",\"@id\":\"https:\/\/puente-colgante.com\/#organization\",\"name\":\"Puente Colgante\",\"url\":\"https:\/\/puente-colgante.com\/\",\"logo\":{\"@type\":\"ImageObject\",\"inLanguage\":\"en-US\",\"@id\":\"https:\/\/puente-colgante.com\/#\/schema\/logo\/image\/\",\"url\":\"https:\/\/puente-colgante.com\/wp-content\/uploads\/2024\/02\/Formato-logo.png\",\"contentUrl\":\"https:\/\/puente-colgante.com\/wp-content\/uploads\/2024\/02\/Formato-logo.png\",\"width\":742,\"height\":560,\"caption\":\"Puente Colgante\"},\"image\":{\"@id\":\"https:\/\/puente-colgante.com\/#\/schema\/logo\/image\/\"}},{\"@type\":\"Person\",\"@id\":\"https:\/\/puente-colgante.com\/#\/schema\/person\/1cb7a33dae376b9d2c073110e8ec4b9b\",\"name\":\"admin\",\"image\":{\"@type\":\"ImageObject\",\"inLanguage\":\"en-US\",\"@id\":\"https:\/\/puente-colgante.com\/#\/schema\/person\/image\/\",\"url\":\"https:\/\/secure.gravatar.com\/avatar\/91cbf691847101bd39c422d588a5bf6151cb7e34847461e3e36f63d085d1ea14?s=96&d=mm&r=g\",\"contentUrl\":\"https:\/\/secure.gravatar.com\/avatar\/91cbf691847101bd39c422d588a5bf6151cb7e34847461e3e36f63d085d1ea14?s=96&d=mm&r=g\",\"caption\":\"admin\"},\"sameAs\":[\"https:\/\/puente-colgante.com\"],\"url\":\"https:\/\/puente-colgante.com\/en\/author\/admin\/\"}]}<\/script>\n<!-- \/ Yoast SEO plugin. -->","yoast_head_json":{"title":"El Puente Bizkaia cumple 20 a\u00f1os como Patrimonio Mundial - Puente Colgante","description":"El Puente Bizkaia cumple 20 a\u00f1os como Patrimonio Mundial Dos d\u00e9cadas despu\u00e9s del reconocimiento de la Unesco, el transbordador centenario combina su valor","robots":{"index":"index","follow":"follow","max-snippet":"max-snippet:-1","max-image-preview":"max-image-preview:large","max-video-preview":"max-video-preview:-1"},"canonical":"https:\/\/puente-colgante.com\/puente-bizkaia-20-anos-patrimonio-mundial\/","og_locale":"en_US","og_type":"article","og_title":"El Puente Bizkaia cumple 20 a\u00f1os como Patrimonio Mundial - Puente Colgante","og_description":"El Puente Bizkaia cumple 20 a\u00f1os como Patrimonio Mundial Dos d\u00e9cadas despu\u00e9s del reconocimiento de la Unesco, el transbordador centenario combina su valor","og_url":"https:\/\/puente-colgante.com\/puente-bizkaia-20-anos-patrimonio-mundial\/","og_site_name":"Puente Colgante","article_published_time":"2026-09-04T10:44:47+00:00","article_modified_time":"2026-09-04T10:44:54+00:00","og_image":[{"width":748,"height":1024,"url":"https:\/\/puente-colgante.com\/wp-content\/uploads\/2026\/09\/ESTRATEGIA_EMPRESARIAL_739-46_page-0001-748x1024.jpg","type":"image\/jpeg"}],"author":"admin","twitter_card":"summary_large_image","twitter_misc":{"Written by":"admin","Est. reading time":"4 minutes"},"schema":{"@context":"https:\/\/schema.org","@graph":[{"@type":"Article","@id":"https:\/\/puente-colgante.com\/puente-bizkaia-20-anos-patrimonio-mundial\/#article","isPartOf":{"@id":"https:\/\/puente-colgante.com\/puente-bizkaia-20-anos-patrimonio-mundial\/"},"author":{"name":"admin","@id":"https:\/\/puente-colgante.com\/#\/schema\/person\/1cb7a33dae376b9d2c073110e8ec4b9b"},"headline":"El Puente Bizkaia cumple 20 a\u00f1os como Patrimonio Mundial","datePublished":"2026-09-04T10:44:47+00:00","dateModified":"2026-09-04T10:44:54+00:00","mainEntityOfPage":{"@id":"https:\/\/puente-colgante.com\/puente-bizkaia-20-anos-patrimonio-mundial\/"},"wordCount":790,"commentCount":0,"publisher":{"@id":"https:\/\/puente-colgante.com\/#organization"},"articleSection":["Noticias"],"inLanguage":"en-US","potentialAction":[{"@type":"CommentAction","name":"Comment","target":["https:\/\/puente-colgante.com\/puente-bizkaia-20-anos-patrimonio-mundial\/#respond"]}]},{"@type":"WebPage","@id":"https:\/\/puente-colgante.com\/puente-bizkaia-20-anos-patrimonio-mundial\/","url":"https:\/\/puente-colgante.com\/puente-bizkaia-20-anos-patrimonio-mundial\/","name":"El Puente Bizkaia cumple 20 a\u00f1os como Patrimonio Mundial - Puente Colgante","isPartOf":{"@id":"https:\/\/puente-colgante.com\/#website"},"datePublished":"2026-09-04T10:44:47+00:00","dateModified":"2026-09-04T10:44:54+00:00","description":"El Puente Bizkaia cumple 20 a\u00f1os como Patrimonio Mundial Dos d\u00e9cadas despu\u00e9s del reconocimiento de la Unesco, el transbordador centenario combina su valor","breadcrumb":{"@id":"https:\/\/puente-colgante.com\/puente-bizkaia-20-anos-patrimonio-mundial\/#breadcrumb"},"inLanguage":"en-US","potentialAction":[{"@type":"ReadAction","target":["https:\/\/puente-colgante.com\/puente-bizkaia-20-anos-patrimonio-mundial\/"]}]},{"@type":"BreadcrumbList","@id":"https:\/\/puente-colgante.com\/puente-bizkaia-20-anos-patrimonio-mundial\/#breadcrumb","itemListElement":[{"@type":"ListItem","position":1,"name":"Portada","item":"https:\/\/puente-colgante.com\/en\/"},{"@type":"ListItem","position":2,"name":"El Puente Bizkaia cumple 20 a\u00f1os como Patrimonio Mundial"}]},{"@type":"WebSite","@id":"https:\/\/puente-colgante.com\/#website","url":"https:\/\/puente-colgante.com\/","name":"Puente Colgante","description":"Web Oficial del Puente Colgante | Puente Bizkaia","publisher":{"@id":"https:\/\/puente-colgante.com\/#organization"},"potentialAction":[{"@type":"SearchAction","target":{"@type":"EntryPoint","urlTemplate":"https:\/\/puente-colgante.com\/?s={search_term_string}"},"query-input":"required name=search_term_string"}],"inLanguage":"en-US"},{"@type":"Organization","@id":"https:\/\/puente-colgante.com\/#organization","name":"Puente Colgante","url":"https:\/\/puente-colgante.com\/","logo":{"@type":"ImageObject","inLanguage":"en-US","@id":"https:\/\/puente-colgante.com\/#\/schema\/logo\/image\/","url":"https:\/\/puente-colgante.com\/wp-content\/uploads\/2024\/02\/Formato-logo.png","contentUrl":"https:\/\/puente-colgante.com\/wp-content\/uploads\/2024\/02\/Formato-logo.png","width":742,"height":560,"caption":"Puente Colgante"},"image":{"@id":"https:\/\/puente-colgante.com\/#\/schema\/logo\/image\/"}},{"@type":"Person","@id":"https:\/\/puente-colgante.com\/#\/schema\/person\/1cb7a33dae376b9d2c073110e8ec4b9b","name":"admin","image":{"@type":"ImageObject","inLanguage":"en-US","@id":"https:\/\/puente-colgante.com\/#\/schema\/person\/image\/","url":"https:\/\/secure.gravatar.com\/avatar\/91cbf691847101bd39c422d588a5bf6151cb7e34847461e3e36f63d085d1ea14?s=96&d=mm&r=g","contentUrl":"https:\/\/secure.gravatar.com\/avatar\/91cbf691847101bd39c422d588a5bf6151cb7e34847461e3e36f63d085d1ea14?s=96&d=mm&r=g","caption":"admin"},"sameAs":["https:\/\/puente-colgante.com"],"url":"https:\/\/puente-colgante.com\/en\/author\/admin\/"}]}},"_links":{"self":[{"href":"https:\/\/puente-colgante.com\/en\/wp-json\/wp\/v2\/posts\/82925","targetHints":{"allow":["GET"]}}],"collection":[{"href":"https:\/\/puente-colgante.com\/en\/wp-json\/wp\/v2\/posts"}],"about":[{"href":"https:\/\/puente-colgante.com\/en\/wp-json\/wp\/v2\/types\/post"}],"author":[{"embeddable":true,"href":"https:\/\/puente-colgante.com\/en\/wp-json\/wp\/v2\/users\/1"}],"replies":[{"embeddable":true,"href":"https:\/\/puente-colgante.com\/en\/wp-json\/wp\/v2\/comments?post=82925"}],"version-history":[{"count":5,"href":"https:\/\/puente-colgante.com\/en\/wp-json\/wp\/v2\/posts\/82925\/revisions"}],"predecessor-version":[{"id":82933,"href":"https:\/\/puente-colgante.com\/en\/wp-json\/wp\/v2\/posts\/82925\/revisions\/82933"}],"wp:featuredmedia":[{"embeddable":true,"href":"https:\/\/puente-colgante.com\/en\/wp-json\/wp\/v2\/media\/82934"}],"wp:attachment":[{"href":"https:\/\/puente-colgante.com\/en\/wp-json\/wp\/v2\/media?parent=82925"}],"wp:term":[{"taxonomy":"category","embeddable":true,"href":"https:\/\/puente-colgante.com\/en\/wp-json\/wp\/v2\/categories?post=82925"},{"taxonomy":"post_tag","embeddable":true,"href":"https:\/\/puente-colgante.com\/en\/wp-json\/wp\/v2\/tags?post=82925"}],"curies":[{"name":"wp","href":"https:\/\/api.w.org\/{rel}","templated":true}]}}